[{"@context":"https:\/\/schema.org\/","@type":"Article","@id":"https:\/\/www.ganeli.cz\/s-kolagenem-jste-krasnejsi\/#Article","mainEntityOfPage":"https:\/\/www.ganeli.cz\/s-kolagenem-jste-krasnejsi\/","headline":"S kolagenem jste kr\u00e1sn\u011bj\u0161\u00ed","name":"S kolagenem jste kr\u00e1sn\u011bj\u0161\u00ed","description":"Snad ka\u017ed\u00fd z lid\u00ed je r\u00e1d, kdy\u017e se l\u00edb\u00ed. V prvn\u00ed \u0159ad\u011b se mus\u00ed l\u00edbit s\u00e1m sob\u011b, proto\u017ee kdyby se s\u00e1m sebe \u0161t\u00edtil, nevedl by [&hellip;]","datePublished":"2022-12-31","dateModified":"2023-06-01","author":{"@type":"Person","@id":"https:\/\/www.ganeli.cz\/author\/#Person","name":"","url":"https:\/\/www.ganeli.cz\/author\/","identifier":1,"image":{"@type":"ImageObject","@id":"https:\/\/secure.gravatar.com\/avatar\/014a645f9f16d49aceddb25e316448c724bd78e7db0ee7a34c29417d5ca39ef1?s=96&d=mm&r=g","url":"https:\/\/secure.gravatar.com\/avatar\/014a645f9f16d49aceddb25e316448c724bd78e7db0ee7a34c29417d5ca39ef1?s=96&d=mm&r=g","height":96,"width":96}},"publisher":{"@type":"Organization","name":"ganeli.cz","logo":{"@type":"ImageObject","@id":"\/logo.png","url":"\/logo.png","width":600,"height":60}},"image":{"@type":"ImageObject","@id":"https:\/\/www.ganeli.cz\/wp-content\/uploads\/girl-2771001_960_720.jpg","url":"https:\/\/www.ganeli.cz\/wp-content\/uploads\/girl-2771001_960_720.jpg","height":0,"width":0},"url":"https:\/\/www.ganeli.cz\/s-kolagenem-jste-krasnejsi\/","about":["Produkty"],"wordCount":486,"articleBody":"   Snad ka\u017ed\u00fd z lid\u00ed je r\u00e1d, kdy\u017e se l\u00edb\u00ed. V prvn\u00ed \u0159ad\u011b se mus\u00ed l\u00edbit s\u00e1m sob\u011b, proto\u017ee kdyby se s\u00e1m sebe \u0161t\u00edtil, nevedl by v \u017e\u00e1dn\u00e9m p\u0159\u00edpad\u011b \u0161\u0165astn\u00fd \u017eivot, ale rozhodn\u011b neu\u0161kod\u00ed ani to, \u017ee se doty\u010dn\u00fd l\u00edb\u00ed i ostatn\u00edm. Nebo aspo\u0148 t\u011bm, na kter\u00fdch mu z\u00e1le\u017e\u00ed a kter\u00fdm by se l\u00edbit cht\u011bl.Jen\u017ee kdy\u017e se tak na sebe pod\u00edv\u00e1me, nen\u00ed snad nikdo, kdo by na sob\u011b aspo\u0148 n\u011bjakou drobnou vadu na kr\u00e1se nena\u0161el. Nic na sv\u011bt\u011b nen\u00ed dokonal\u00e9, a ani my tedy dokonal\u00ed neb\u00fdv\u00e1me. Je mi l\u00edto, ale je to skute\u010dnost.Co se pak nedostatk\u016f v na\u0161em p\u016fvabu t\u00fdk\u00e1, jsou n\u011bkter\u00e9 jednou prov\u017edy dan\u00e9 a nic s nimi nenad\u011bl\u00e1me. N\u011bco se na n\u00e1s prost\u011b vylep\u0161it ned\u00e1, n\u011bco je nem\u011bnn\u00e9. Ale v\u011bt\u0161ina p\u0159\u00edpadn\u00fdch nedostatk\u016f se odstranit d\u00e1. N\u011bkdy drobn\u00fdm z\u00e1sahem, t\u0159eba i vyu\u017eit\u00edm n\u011bjak\u00e9 t\u00e9 kosmetiky, n\u011bkdy t\u0159eba radik\u00e1ln\u011b, plastickou operac\u00ed. To je individu\u00e1ln\u00ed. Ale n\u011bco se s t\u00edm ud\u011blat v\u017edycky d\u00e1. A i my, kdo nejsme dokonal\u00ed, m\u016f\u017eeme b\u00fdt skute\u010dn\u011b kr\u00e1sn\u00ed. Nebo aspo\u0148 o pozn\u00e1n\u00ed kr\u00e1sn\u011bj\u0161\u00ed. Jen\u017ee to chce samoz\u0159ejm\u011b nezapomenout pou\u017e\u00edvat p\u0159edev\u0161\u00edm to hlavn\u00ed. A t\u00edm je mozek.Drog\u00e9rie, l\u00e9k\u00e1rny a jin\u00ed specialist\u00e9 n\u00e1m toti\u017e nab\u00edzej\u00ed, jak v\u0161ichni v\u00edme, neskute\u010dn\u00e9 mno\u017estv\u00ed r\u016fzn\u00fdm p\u0159\u00edpravk\u016f, kter\u00e9 by n\u00e1s m\u011bly n\u011bjak zkr\u00e1\u0161lit. A kdybychom to na sebe patlali ve velk\u00e9m a bez rozumn\u00e9ho uva\u017eov\u00e1n\u00ed, moc bychom si nepomohli. Sp\u00ed\u0161 bychom mohli vypadat jako n\u011bjak\u00e1 ta zmalovan\u00e1 pov\u011btrn\u00e1 \u017een\u0161tina nejni\u017e\u0161\u00ed kategorie. A tak si je t\u0159eba vybrat to, co je n\u00e1m pot\u0159eba. A pokud by bylo z\u00e1hodno ud\u011blat s na\u0161\u00ed plet\u00ed, kter\u00e1 u\u017e nen\u00ed jako zamlada, n\u011bco, co by ji u\u010dinilo perfektn\u00ed, je ur\u010dit\u011b dobr\u00e9 vsadit na Orca Collagen. Proto\u017ee ten u\u010din\u00ed na\u0161i poko\u017eku elastickou a hladkou. Zaru\u010den\u011b. V\u00fdsledky u\u017e do 2 t\u00fddn\u016f Orcacollagen p\u0159inese u ka\u017ed\u00e9ho, kdo ho pou\u017e\u00edv\u00e1, aby si poradil se svou st\u00e1rnouc\u00ed k\u016f\u017e\u00ed. Pom\u00e1h\u00e1 n\u00e1m lidem v boji proti vliv\u016fm UV z\u00e1\u0159en\u00ed, hormon\u00e1ln\u00edm zm\u011bn\u00e1m i mechanick\u00e9 z\u00e1t\u011b\u017ei, br\u00e1n\u00ed st\u00e1rnut\u00ed na\u0161\u00ed k\u016f\u017ee. Kter\u00e1 je v\u0161em kolem n\u00e1s na o\u010d\u00edch, a tak m\u00e1 vliv i na to, jak se ostatn\u00edm i sami sob\u011b l\u00edb\u00edme. A proto\u017ee se l\u00edbit chceme, nezapome\u0148me ani na ryb\u00ed kolagen.                                                                                                                                                                                                                                                                                                                                                                                          4.2\/5 - (6 votes)        "},{"@context":"https:\/\/schema.org\/","@type":"BreadcrumbList","itemListElement":[{"@type":"ListItem","position":1,"name":"S kolagenem jste kr\u00e1sn\u011bj\u0161\u00ed","item":"https:\/\/www.ganeli.cz\/s-kolagenem-jste-krasnejsi\/#breadcrumbitem"}]}]