[{"@context":"https:\/\/schema.org\/","@type":"Article","@id":"https:\/\/www.ganeli.cz\/proc-nekteri-lide-tak-snadno-podlehaji-dezinformacim\/#Article","mainEntityOfPage":"https:\/\/www.ganeli.cz\/proc-nekteri-lide-tak-snadno-podlehaji-dezinformacim\/","headline":"Pro\u010d n\u011bkte\u0159\u00ed lid\u00e9 tak snadno podl\u00e9haj\u00ed dezinformac\u00edm","name":"Pro\u010d n\u011bkte\u0159\u00ed lid\u00e9 tak snadno podl\u00e9haj\u00ed dezinformac\u00edm","description":"Asi nen\u00ed nic hor\u0161\u00edho, ne\u017e debata s\u00a0\u010dlov\u011bkem podl\u00e9haj\u00edc\u00edm dezinformac\u00edm. A je jedno, zda jde o covid, v\u00e1lku na Ukrajin\u011b \u010di kter\u00fdkoliv jin\u00fd probl\u00e9m. I kdy\u017e [&hellip;]","datePublished":"2023-01-21","dateModified":"2023-01-21","author":{"@type":"Person","@id":"https:\/\/www.ganeli.cz\/author\/#Person","name":"","url":"https:\/\/www.ganeli.cz\/author\/","identifier":1,"image":{"@type":"ImageObject","@id":"https:\/\/secure.gravatar.com\/avatar\/014a645f9f16d49aceddb25e316448c724bd78e7db0ee7a34c29417d5ca39ef1?s=96&d=mm&r=g","url":"https:\/\/secure.gravatar.com\/avatar\/014a645f9f16d49aceddb25e316448c724bd78e7db0ee7a34c29417d5ca39ef1?s=96&d=mm&r=g","height":96,"width":96}},"publisher":{"@type":"Organization","name":"ganeli.cz","logo":{"@type":"ImageObject","@id":"\/logo.png","url":"\/logo.png","width":600,"height":60}},"image":{"@type":"ImageObject","@id":"https:\/\/www.ganeli.cz\/wp-content\/uploads\/dezinformace1.jpg","url":"https:\/\/www.ganeli.cz\/wp-content\/uploads\/dezinformace1.jpg","height":0,"width":0},"url":"https:\/\/www.ganeli.cz\/proc-nekteri-lide-tak-snadno-podlehaji-dezinformacim\/","about":["Spole\u010dnost"],"wordCount":461,"articleBody":"Asi nen\u00ed nic hor\u0161\u00edho, ne\u017e debata s\u00a0\u010dlov\u011bkem podl\u00e9haj\u00edc\u00edm dezinformac\u00edm. A je jedno, zda jde o covid, v\u00e1lku na Ukrajin\u011b \u010di kter\u00fdkoliv jin\u00fd probl\u00e9m. I kdy\u017e p\u0159ijdete s\u00a0jasn\u00fdmi d\u016fkazy, \u017ee to, co tvrd\u00ed, nen\u00ed pravda, nep\u0159esv\u011bd\u010d\u00edte je.\u00a0D\u016fvodem je to, \u017ee se rozhoduj\u00ed sp\u00ed\u0161e na z\u00e1klad\u011b emoc\u00ed, ne\u017e logick\u00e9ho uva\u017eov\u00e1n\u00ed. Mnohdy tak\u00e9 vid\u00ed sv\u011bt \u010dernob\u00edle, a je pro n\u011b slo\u017eit\u00e9, mnohdy a\u017e nemo\u017en\u00e9, vn\u00edmat odst\u00edny \u0161ed\u00e9. Hor\u0161\u00ed je, \u017ee za svou pravdu jsou, pr\u00e1v\u011b proto, \u017ee jde o emo\u010dn\u00ed rozhodnut\u00ed, mnohdy ochotni i zem\u0159\u00edt.\u00a0\u00a0Snadno by se dalo \u0159\u00edci, \u017ee je to p\u0159edev\u0161\u00edm dom\u00e9nou m\u00e9n\u011b vzd\u011blan\u00fdch lid\u00ed, av\u0161ak a\u010dkoliv lid\u00e9 s\u00a0ni\u017e\u0161\u00edm vzd\u011bl\u00e1n\u00edm v\u00a0t\u00e9to skupin\u011b zna\u010dn\u011b p\u0159eva\u017euj\u00ed, najdeme zde i vystudovan\u00e9 vysoko\u0161kol\u00e1ky. Z\u00e1le\u017e\u00ed tedy prim\u00e1rn\u011b na nastaven\u00ed konkr\u00e9tn\u00edho \u010dlov\u011bka, i kdy\u017e v\u00fdchova a vzd\u011bl\u00e1n\u00ed hraj\u00ed zna\u010dnou roli.\u00a0Pro\u010d jsou ale ochotni jim tak snadno podlehnout? D\u016fvodem je hlavn\u011b to, \u017ee nab\u00edz\u00ed jednoduch\u00e9 vid\u011bn\u00ed sv\u011bta a snadn\u00e1 \u0159e\u0161en\u00ed. Tak\u00e9 nab\u00edz\u00ed c\u00edl, na kter\u00fd mohou svalovat sv\u00e9 \u017eivotn\u00ed ne\u00fasp\u011bchy, p\u0159\u00edpadn\u011b sou\u010dasn\u00e9 trable, nap\u0159\u00edklad se zvy\u0161uj\u00edc\u00edmi se cenami.\u00a0\u00a0O sv\u00e9 pravd\u011b jsou n\u00e1sledn\u011b stoprocentn\u011b p\u0159esv\u011bd\u010deni, a jsou ochotni se za ni doslova b\u00edt. Mnohem hor\u0161\u00ed je, \u017ee mnohdy vede i k\u00a0nejr\u016fzn\u011bj\u0161\u00edm \u00fatok\u016fm, jak se uk\u00e1zalo nap\u0159\u00edklad b\u011bhem pandemie, kdy byli n\u011bkte\u0159\u00ed l\u00e9ka\u0159i doslova pron\u00e1sledov\u00e1ni.\u00a0Ov\u0161em pr\u00e1v\u011b proto, \u017ee vid\u00ed sv\u011bt \u010dernob\u00edle, je t\u011b\u017ek\u00e9 jim jejich \u201epravdu\u201c vyvr\u00e1tit. Pokud p\u0159izn\u00e1te, \u017ee nap\u0159\u00edklad vakc\u00edna m\u016f\u017ee m\u00edt vedlej\u0161\u00ed \u00fa\u010dinky, berou to jako potvrzen\u00ed, \u017ee je nebezpe\u010dn\u00e1. A fakt, \u017ee t\u00edm zdaleka nej\u010dast\u011bj\u0161\u00edm je pouze den a\u017e dva trvaj\u00edc\u00ed bolest v\u00a0m\u00edst\u011b vpichu, podobn\u011b jako po o\u010dkov\u00e1n\u00ed proti tetanu, je nezaj\u00edm\u00e1. A kdy\u017e jim \u0159eknete, \u017ee je bezpe\u010dn\u00e1, vyt\u00e1hnou seznam vedlej\u0161\u00edch \u00fa\u010dink\u016f, aby dok\u00e1zali opak.\u00a0Mohlo by se zd\u00e1t, \u017ee t\u011bchto lid\u00ed v\u00a0sou\u010dasn\u00e9 dob\u011b p\u0159ibylo. To je v\u0161ak z\u010d\u00e1sti jen efekt soci\u00e1ln\u00edch s\u00edt\u00ed, kdy se tito mohou sdru\u017eovat mnohem snadn\u011bji, navz\u00e1jem se podporovat a tak\u00e9 organizovat. A bohu\u017eel, jak jsme ji\u017e vid\u011bli, mohou b\u00fdt i nebezpe\u010dn\u00ed. Proto by m\u011bl b\u00fdt boj proti dezinformac\u00edm na prvn\u00edm m\u00edst\u011b.                                                                                                                                                                                                                                                                                                                                                                                        3.5\/5 - (8 votes)        "},{"@context":"https:\/\/schema.org\/","@type":"BreadcrumbList","itemListElement":[{"@type":"ListItem","position":1,"name":"Pro\u010d n\u011bkte\u0159\u00ed lid\u00e9 tak snadno podl\u00e9haj\u00ed dezinformac\u00edm","item":"https:\/\/www.ganeli.cz\/proc-nekteri-lide-tak-snadno-podlehaji-dezinformacim\/#breadcrumbitem"}]}]