[{"@context":"https:\/\/schema.org\/","@type":"Blog","@id":"https:\/\/www.ganeli.cz#Blog","headline":"Ganeli","description":"\nMnoz\u00ed lid\u00e9 si v\u00a0pr\u016fb\u011bhu sv\u00e9ho \u017eivota t\u0159eba i nejednou berou p\u016fj\u010dky. To kdy\u017e je jim nedob\u0159e. A pokud si je berou s\u00a0rozmyslem, nen\u00ed na tom nic odsouzen\u00edhodn\u00e9ho.","url":"https:\/\/www.ganeli.cz","hasPart":[{"@type":"Article","@id":"https:\/\/www.ganeli.cz\/jake-pleny-vybrat-a-proc\/","headline":"Jak\u00e9 pleny vybrat a pro\u010d?","url":"https:\/\/www.ganeli.cz\/jake-pleny-vybrat-a-proc\/","datePublished":"2022-10-14","dateModified":"2023-06-01","mainEntityOfPage":"https:\/\/www.ganeli.cz\/jake-pleny-vybrat-a-proc\/","author":{"@type":"Person","@id":"https:\/\/www.ganeli.cz\/author\/#Person","name":"","url":"https:\/\/www.ganeli.cz\/author\/","identifier":1,"image":{"@type":"ImageObject","@id":"https:\/\/secure.gravatar.com\/avatar\/014a645f9f16d49aceddb25e316448c724bd78e7db0ee7a34c29417d5ca39ef1?s=96&d=mm&r=g","url":"https:\/\/secure.gravatar.com\/avatar\/014a645f9f16d49aceddb25e316448c724bd78e7db0ee7a34c29417d5ca39ef1?s=96&d=mm&r=g","height":96,"width":96}},"publisher":{"@type":"Organization","name":"ganeli.cz","logo":{"@type":"ImageObject","@id":"\/logo.png","url":"\/logo.png","width":600,"height":60}},"image":{"@type":"ImageObject","@id":"https:\/\/www.ganeli.cz\/wp-content\/uploads\/absorbent-3509508_640(1).jpg","url":"https:\/\/www.ganeli.cz\/wp-content\/uploads\/absorbent-3509508_640(1).jpg","height":0,"width":0},"wordCount":660,"keywords":null},{"@type":"Article","@id":"https:\/\/www.ganeli.cz\/kdy-je-lepsi-sverit-uklid-profesionalum\/","headline":"Kdy je lep\u0161\u00ed sv\u011b\u0159it \u00faklid profesion\u00e1l\u016fm","url":"https:\/\/www.ganeli.cz\/kdy-je-lepsi-sverit-uklid-profesionalum\/","datePublished":"2022-10-14","dateModified":"2023-06-01","mainEntityOfPage":"https:\/\/www.ganeli.cz\/kdy-je-lepsi-sverit-uklid-profesionalum\/","author":{"@type":"Person","@id":"https:\/\/www.ganeli.cz\/author\/#Person","name":"","url":"https:\/\/www.ganeli.cz\/author\/","identifier":1,"image":{"@type":"ImageObject","@id":"https:\/\/secure.gravatar.com\/avatar\/014a645f9f16d49aceddb25e316448c724bd78e7db0ee7a34c29417d5ca39ef1?s=96&d=mm&r=g","url":"https:\/\/secure.gravatar.com\/avatar\/014a645f9f16d49aceddb25e316448c724bd78e7db0ee7a34c29417d5ca39ef1?s=96&d=mm&r=g","height":96,"width":96}},"publisher":{"@type":"Organization","name":"ganeli.cz","logo":{"@type":"ImageObject","@id":"\/logo.png","url":"\/logo.png","width":600,"height":60}},"image":{"@type":"ImageObject","@id":"https:\/\/www.ganeli.cz\/wp-content\/uploads\/disinfectant-g93da6581b_640.jpg","url":"https:\/\/www.ganeli.cz\/wp-content\/uploads\/disinfectant-g93da6581b_640.jpg","height":0,"width":0},"wordCount":706,"keywords":null},{"@type":"Article","@id":"https:\/\/www.ganeli.cz\/jak-na-znecistenou-vodu-v-bazenu\/","headline":"Jak na zne\u010di\u0161t\u011bnou vodu v baz\u00e9nu?","url":"https:\/\/www.ganeli.cz\/jak-na-znecistenou-vodu-v-bazenu\/","datePublished":"2022-10-11","dateModified":"2023-06-01","mainEntityOfPage":"https:\/\/www.ganeli.cz\/jak-na-znecistenou-vodu-v-bazenu\/","author":{"@type":"Person","@id":"https:\/\/www.ganeli.cz\/author\/#Person","name":"","url":"https:\/\/www.ganeli.cz\/author\/","identifier":1,"image":{"@type":"ImageObject","@id":"https:\/\/secure.gravatar.com\/avatar\/014a645f9f16d49aceddb25e316448c724bd78e7db0ee7a34c29417d5ca39ef1?s=96&d=mm&r=g","url":"https:\/\/secure.gravatar.com\/avatar\/014a645f9f16d49aceddb25e316448c724bd78e7db0ee7a34c29417d5ca39ef1?s=96&d=mm&r=g","height":96,"width":96}},"publisher":{"@type":"Organization","name":"ganeli.cz","logo":{"@type":"ImageObject","@id":"\/logo.png","url":"\/logo.png","width":600,"height":60}},"image":{"@type":"ImageObject","@id":"https:\/\/www.ganeli.cz\/wp-content\/uploads\/pexels-myburgh-roux-2513972.jpg","url":"https:\/\/www.ganeli.cz\/wp-content\/uploads\/pexels-myburgh-roux-2513972.jpg","height":0,"width":0},"wordCount":673,"keywords":null},{"@type":"Article","@id":"https:\/\/www.ganeli.cz\/firma-na-stehovani\/","headline":"Firma na st\u011bhov\u00e1n\u00ed","url":"https:\/\/www.ganeli.cz\/firma-na-stehovani\/","datePublished":"2022-10-10","dateModified":"2023-10-16","mainEntityOfPage":"https:\/\/www.ganeli.cz\/firma-na-stehovani\/","author":{"@type":"Person","@id":"https:\/\/www.ganeli.cz\/author\/#Person","name":"","url":"https:\/\/www.ganeli.cz\/author\/","identifier":1,"image":{"@type":"ImageObject","@id":"https:\/\/secure.gravatar.com\/avatar\/014a645f9f16d49aceddb25e316448c724bd78e7db0ee7a34c29417d5ca39ef1?s=96&d=mm&r=g","url":"https:\/\/secure.gravatar.com\/avatar\/014a645f9f16d49aceddb25e316448c724bd78e7db0ee7a34c29417d5ca39ef1?s=96&d=mm&r=g","height":96,"width":96}},"publisher":{"@type":"Organization","name":"ganeli.cz","logo":{"@type":"ImageObject","@id":"\/logo.png","url":"\/logo.png","width":600,"height":60}},"image":{"@type":"ImageObject","@id":"https:\/\/www.ganeli.cz\/wp-content\/uploads\/moving-truck-gcee513f42_1920.png","url":"https:\/\/www.ganeli.cz\/wp-content\/uploads\/moving-truck-gcee513f42_1920.png","height":0,"width":0},"wordCount":594,"keywords":null},{"@type":"Article","@id":"https:\/\/www.ganeli.cz\/obnova-starych-kobercu\/","headline":"Obnova star\u00fdch koberc\u016f","url":"https:\/\/www.ganeli.cz\/obnova-starych-kobercu\/","datePublished":"2022-10-09","dateModified":"2023-06-01","mainEntityOfPage":"https:\/\/www.ganeli.cz\/obnova-starych-kobercu\/","author":{"@type":"Person","@id":"https:\/\/www.ganeli.cz\/author\/#Person","name":"","url":"https:\/\/www.ganeli.cz\/author\/","identifier":1,"image":{"@type":"ImageObject","@id":"https:\/\/secure.gravatar.com\/avatar\/014a645f9f16d49aceddb25e316448c724bd78e7db0ee7a34c29417d5ca39ef1?s=96&d=mm&r=g","url":"https:\/\/secure.gravatar.com\/avatar\/014a645f9f16d49aceddb25e316448c724bd78e7db0ee7a34c29417d5ca39ef1?s=96&d=mm&r=g","height":96,"width":96}},"publisher":{"@type":"Organization","name":"ganeli.cz","logo":{"@type":"ImageObject","@id":"\/logo.png","url":"\/logo.png","width":600,"height":60}},"image":{"@type":"ImageObject","@id":"https:\/\/www.ganeli.cz\/wp-content\/uploads\/toddler-ge0557a920_1920.jpg","url":"https:\/\/www.ganeli.cz\/wp-content\/uploads\/toddler-ge0557a920_1920.jpg","height":0,"width":0},"wordCount":600,"keywords":null},{"@type":"Article","@id":"https:\/\/www.ganeli.cz\/splnte-si-svuj-sen-a-procestujte-celou-evropu\/","headline":"Spl\u0148te si sv\u016fj sen a procestujte celou Evropu!","url":"https:\/\/www.ganeli.cz\/splnte-si-svuj-sen-a-procestujte-celou-evropu\/","datePublished":"2022-10-09","dateModified":"2023-06-01","mainEntityOfPage":"https:\/\/www.ganeli.cz\/splnte-si-svuj-sen-a-procestujte-celou-evropu\/","author":{"@type":"Person","@id":"https:\/\/www.ganeli.cz\/author\/#Person","name":"","url":"https:\/\/www.ganeli.cz\/author\/","identifier":1,"image":{"@type":"ImageObject","@id":"https:\/\/secure.gravatar.com\/avatar\/014a645f9f16d49aceddb25e316448c724bd78e7db0ee7a34c29417d5ca39ef1?s=96&d=mm&r=g","url":"https:\/\/secure.gravatar.com\/avatar\/014a645f9f16d49aceddb25e316448c724bd78e7db0ee7a34c29417d5ca39ef1?s=96&d=mm&r=g","height":96,"width":96}},"publisher":{"@type":"Organization","name":"ganeli.cz","logo":{"@type":"ImageObject","@id":"\/logo.png","url":"\/logo.png","width":600,"height":60}},"image":{"@type":"ImageObject","@id":"https:\/\/www.ganeli.cz\/wp-content\/uploads\/pexels-pixabay-269790.jpg","url":"https:\/\/www.ganeli.cz\/wp-content\/uploads\/pexels-pixabay-269790.jpg","height":0,"width":0},"wordCount":1146,"keywords":null},{"@type":"Article","@id":"https:\/\/www.ganeli.cz\/kdyz-se-zhorsi-vztah-s-vasim-pritelem\/","headline":"Kdy\u017e se zhor\u0161\u00ed vztah s va\u0161\u00edm p\u0159\u00edtelem&#8230;","url":"https:\/\/www.ganeli.cz\/kdyz-se-zhorsi-vztah-s-vasim-pritelem\/","datePublished":"2022-10-09","dateModified":"2023-06-01","mainEntityOfPage":"https:\/\/www.ganeli.cz\/kdyz-se-zhorsi-vztah-s-vasim-pritelem\/","author":{"@type":"Person","@id":"https:\/\/www.ganeli.cz\/author\/#Person","name":"","url":"https:\/\/www.ganeli.cz\/author\/","identifier":1,"image":{"@type":"ImageObject","@id":"https:\/\/secure.gravatar.com\/avatar\/014a645f9f16d49aceddb25e316448c724bd78e7db0ee7a34c29417d5ca39ef1?s=96&d=mm&r=g","url":"https:\/\/secure.gravatar.com\/avatar\/014a645f9f16d49aceddb25e316448c724bd78e7db0ee7a34c29417d5ca39ef1?s=96&d=mm&r=g","height":96,"width":96}},"publisher":{"@type":"Organization","name":"ganeli.cz","logo":{"@type":"ImageObject","@id":"\/logo.png","url":"\/logo.png","width":600,"height":60}},"image":{"@type":"ImageObject","@id":"https:\/\/www.ganeli.cz\/wp-content\/uploads\/pare.JPG","url":"https:\/\/www.ganeli.cz\/wp-content\/uploads\/pare.JPG","height":0,"width":0},"wordCount":724,"keywords":null},{"@type":"Article","@id":"https:\/\/www.ganeli.cz\/nase-vztahy\/","headline":"Na\u0161e vztahy","url":"https:\/\/www.ganeli.cz\/nase-vztahy\/","datePublished":"2022-09-30","dateModified":"2023-09-13","mainEntityOfPage":"https:\/\/www.ganeli.cz\/nase-vztahy\/","author":{"@type":"Person","@id":"https:\/\/www.ganeli.cz\/author\/#Person","name":"","url":"https:\/\/www.ganeli.cz\/author\/","identifier":1,"image":{"@type":"ImageObject","@id":"https:\/\/secure.gravatar.com\/avatar\/014a645f9f16d49aceddb25e316448c724bd78e7db0ee7a34c29417d5ca39ef1?s=96&d=mm&r=g","url":"https:\/\/secure.gravatar.com\/avatar\/014a645f9f16d49aceddb25e316448c724bd78e7db0ee7a34c29417d5ca39ef1?s=96&d=mm&r=g","height":96,"width":96}},"publisher":{"@type":"Organization","name":"ganeli.cz","logo":{"@type":"ImageObject","@id":"\/logo.png","url":"\/logo.png","width":600,"height":60}},"image":{"@type":"ImageObject","@id":"https:\/\/www.ganeli.cz\/wp-content\/uploads\/ne_2.JPG","url":"https:\/\/www.ganeli.cz\/wp-content\/uploads\/ne_2.JPG","height":0,"width":0},"wordCount":525,"keywords":null},{"@type":"Article","@id":"https:\/\/www.ganeli.cz\/denni-navyky-pro-dusevni-i-fyzickou-pohodu\/","headline":"Denn\u00ed n\u00e1vyky pro du\u0161evn\u00ed i fyzickou pohodu","url":"https:\/\/www.ganeli.cz\/denni-navyky-pro-dusevni-i-fyzickou-pohodu\/","datePublished":"2022-09-30","dateModified":"2023-09-13","mainEntityOfPage":"https:\/\/www.ganeli.cz\/denni-navyky-pro-dusevni-i-fyzickou-pohodu\/","author":{"@type":"Person","@id":"https:\/\/www.ganeli.cz\/author\/#Person","name":"","url":"https:\/\/www.ganeli.cz\/author\/","identifier":1,"image":{"@type":"ImageObject","@id":"https:\/\/secure.gravatar.com\/avatar\/014a645f9f16d49aceddb25e316448c724bd78e7db0ee7a34c29417d5ca39ef1?s=96&d=mm&r=g","url":"https:\/\/secure.gravatar.com\/avatar\/014a645f9f16d49aceddb25e316448c724bd78e7db0ee7a34c29417d5ca39ef1?s=96&d=mm&r=g","height":96,"width":96}},"publisher":{"@type":"Organization","name":"ganeli.cz","logo":{"@type":"ImageObject","@id":"\/logo.png","url":"\/logo.png","width":600,"height":60}},"image":{"@type":"ImageObject","@id":"https:\/\/www.ganeli.cz\/wp-content\/uploads\/woman-1822459_960_720_2.jpg","url":"https:\/\/www.ganeli.cz\/wp-content\/uploads\/woman-1822459_960_720_2.jpg","height":0,"width":0},"wordCount":487,"keywords":null},{"@type":"Article","@id":"https:\/\/www.ganeli.cz\/jak-se-pripravit-na-navstevu-stomatologicke-ordinace\/","headline":"Jak se p\u0159ipravit na n\u00e1v\u0161t\u011bvu stomatologick\u00e9 ordinace","url":"https:\/\/www.ganeli.cz\/jak-se-pripravit-na-navstevu-stomatologicke-ordinace\/","datePublished":"2022-09-30","dateModified":"2023-09-13","mainEntityOfPage":"https:\/\/www.ganeli.cz\/jak-se-pripravit-na-navstevu-stomatologicke-ordinace\/","author":{"@type":"Person","@id":"https:\/\/www.ganeli.cz\/author\/#Person","name":"","url":"https:\/\/www.ganeli.cz\/author\/","identifier":1,"image":{"@type":"ImageObject","@id":"https:\/\/secure.gravatar.com\/avatar\/014a645f9f16d49aceddb25e316448c724bd78e7db0ee7a34c29417d5ca39ef1?s=96&d=mm&r=g","url":"https:\/\/secure.gravatar.com\/avatar\/014a645f9f16d49aceddb25e316448c724bd78e7db0ee7a34c29417d5ca39ef1?s=96&d=mm&r=g","height":96,"width":96}},"publisher":{"@type":"Organization","name":"ganeli.cz","logo":{"@type":"ImageObject","@id":"\/logo.png","url":"\/logo.png","width":600,"height":60}},"image":{"@type":"ImageObject","@id":"https:\/\/www.ganeli.cz\/wp-content\/uploads\/lips-gea3afea3f_640.jpg","url":"https:\/\/www.ganeli.cz\/wp-content\/uploads\/lips-gea3afea3f_640.jpg","height":0,"width":0},"wordCount":595,"keywords":null}]},{"@context":"https:\/\/schema.org","@type":"WebSite","@id":"https:\/\/www.ganeli.cz\/#website","name":"Ganeli","url":"https:\/\/www.ganeli.cz","potentialAction":{"@type":"SearchAction","target":"https:\/\/www.ganeli.cz\/?s={search_term_string}","query-input":"required name=search_term_string"}}]