[{"@context":"https:\/\/schema.org\/","@type":"Article","@id":"https:\/\/www.ganeli.cz\/krasa-kam-se-podivas\/#Article","mainEntityOfPage":"https:\/\/www.ganeli.cz\/krasa-kam-se-podivas\/","headline":"Kr\u00e1sa, kam se pod\u00edv\u00e1\u0161","name":"Kr\u00e1sa, kam se pod\u00edv\u00e1\u0161","description":"J\u00e1 v\u00edm, \u017ee kr\u00e1sa pro ka\u017ed\u00e9ho \u010dlov\u011bka znamen\u00e1 \u00fapln\u011b n\u011bco jin\u00e9ho. Ka\u017ed\u00fd \u010dlov\u011bk se c\u00edt\u00ed \u00fapln\u011b jinak ne\u017e ten druh\u00fd. Ka\u017ed\u00fd \u010dlov\u011bk tak\u00e9 za kr\u00e1sou [&hellip;]","datePublished":"2024-05-29","dateModified":"2024-05-29","author":{"@type":"Person","@id":"https:\/\/www.ganeli.cz\/author\/#Person","name":"","url":"https:\/\/www.ganeli.cz\/author\/","identifier":1,"image":{"@type":"ImageObject","@id":"https:\/\/secure.gravatar.com\/avatar\/014a645f9f16d49aceddb25e316448c724bd78e7db0ee7a34c29417d5ca39ef1?s=96&d=mm&r=g","url":"https:\/\/secure.gravatar.com\/avatar\/014a645f9f16d49aceddb25e316448c724bd78e7db0ee7a34c29417d5ca39ef1?s=96&d=mm&r=g","height":96,"width":96}},"publisher":{"@type":"Organization","name":"ganeli.cz","logo":{"@type":"ImageObject","@id":"\/logo.png","url":"\/logo.png","width":600,"height":60}},"image":{"@type":"ImageObject","@id":"https:\/\/www.ganeli.cz\/wp-content\/uploads\/woman-2315_960_720.jpg","url":"https:\/\/www.ganeli.cz\/wp-content\/uploads\/woman-2315_960_720.jpg","height":0,"width":0},"url":"https:\/\/www.ganeli.cz\/krasa-kam-se-podivas\/","about":["Kr\u00e1sa"],"wordCount":454,"articleBody":"J\u00e1 v\u00edm, \u017ee kr\u00e1sa pro ka\u017ed\u00e9ho \u010dlov\u011bka znamen\u00e1 \u00fapln\u011b n\u011bco jin\u00e9ho. Ka\u017ed\u00fd \u010dlov\u011bk se c\u00edt\u00ed \u00fapln\u011b jinak ne\u017e ten druh\u00fd. Ka\u017ed\u00fd \u010dlov\u011bk tak\u00e9 za kr\u00e1sou pova\u017euje \u00fapln\u011b n\u011bco jin\u00e9ho. N\u011bkomu se t\u0159eba l\u00edb\u00ed blon\u010fat\u00e9 vlasy a n\u011bkomu se zase l\u00edb\u00ed tmav\u00e9 vlasy. T\u0159eba \u010dern\u00e9 vlasy nebo hn\u011bd\u00e9 vlasy. Ale sly\u0161ela jsem, \u017ee ka\u017ed\u00e1 \u017eena, vlastn\u011b i ka\u017ed\u00fd \u010dlov\u011bk ve v\u011bt\u0161in\u011b p\u0159\u00edpad\u016f m\u00e1 r\u00e1d takovou barvu vlas\u016f, kterou p\u0159\u00edrodn\u011b nem\u00e1. S takovou barvou, kterou se narodil, tak pr\u00fd ji v\u011bt\u0161inou nechce. V\u011bt\u0161inou se mu l\u00edb\u00ed prav\u00fd opak. J\u00e1 jsem se narodila jako tmavovl\u00e1ska. M\u00e1m tmav\u011b hn\u011bd\u00e9 vlasy.Ale u\u017e jako \u0161estn\u00e1ctilet\u00e1 holka jsem se obarvila na blond. Ze za\u010d\u00e1tku se mi to moc l\u00edbilo, ale pozd\u011bji, kdy\u017e u\u017e jsem se barvila n\u011bkolikr\u00e1t, tak jsem m\u011bla velice zni\u010den\u00e9 vlasy. Byla jsem z toho opravdu hodn\u011b zklaman\u00e1. Kdybych si ty vlasy obarvila zp\u011bt na tmavo, tak stejn\u011b bych ty vlasy m\u011bla u\u017e zni\u010den\u00e9. Mo\u017en\u00e1 to tak\u00e9 bylo t\u00edm, \u017ee jsem si ty vlasy na blond barvila doma sama. Kdybych mo\u017en\u00e1 nav\u0161t\u00edvila n\u011bjak\u00e9 kade\u0159nick\u00e9 studio, tak bych vlasy nem\u011bla tak zni\u010den\u00e9, jako je m\u00e1m nyn\u00ed. J\u00e1 na kr\u00e1su opravdu hodn\u011b db\u00e1m. D\u00e1v\u00e1m na kr\u00e1su. Tak\u00e9 za kosmetick\u00e9 produkty d\u00e1v\u00e1m spoustu pen\u011bz. Stoj\u00ed m\u011b to tis\u00edce korun m\u011bs\u00ed\u010dn\u011b.Kdyby v\u011bd\u011bl partner, \u017ee se n\u011bkdy koup\u00edm i ple\u0165ov\u00fd kr\u00e9m za \u010dty\u0159i tis\u00edce korun, tak by se asi zbl\u00e1znil. Mo\u017en\u00e1 by se se mnou i roze\u0161el. A v\u00e1m se l\u00edb\u00ed va\u0161e p\u0159\u00edrodn\u00ed barva vlas\u016f? Moje sestra m\u00e1 st\u00e1le stejnou barvu vlas\u016f, se kterou se narodila, moje sestra je toti\u017e kade\u0159nice. Mo\u017en\u00e1 by tohle a sama v\u00ed, \u017ee barven\u00ed vlas\u016f ni\u010d\u00ed vlasy. Ona \u0159\u00edkala, \u017ee by si sv\u00e9 vlasy v\u016fbec nikdy neobarvila. J\u00e1 se j\u00ed nediv\u00edm, kdybych v\u011bd\u011bla, jak potom moje vlasy dopadnou, tak bych se asi tak\u00e9 nikdy nebarvila na blond. Nav\u00edc se \u0159\u00edk\u00e1, \u017ee blon\u010fat\u00e1 barva na vlasech opravdu dr\u017e\u00ed velice \u0161patn\u011b. A kdy\u017e t\u0159eba p\u016fjdete do baz\u00e9nu, tak chlor v\u00e1m blon\u010fatou barvu m\u016f\u017ee \u00fapln\u011b zni\u010dit. T\u0159eba to potom m\u016f\u017ee j\u00edt i do zelen\u00e9ho anebo i do modr\u00e9ho n\u00e1dechu. A s t\u00edm potom nic neud\u011bl\u00e1te.\u00a0                                                                                                                                                                                                                                                                                                                                                                                        4.6\/5 - (5 votes)        "},{"@context":"https:\/\/schema.org\/","@type":"BreadcrumbList","itemListElement":[{"@type":"ListItem","position":1,"name":"Kr\u00e1sa, kam se pod\u00edv\u00e1\u0161","item":"https:\/\/www.ganeli.cz\/krasa-kam-se-podivas\/#breadcrumbitem"}]}]