[{"@context":"https:\/\/schema.org\/","@type":"Article","@id":"https:\/\/www.ganeli.cz\/konska-farma\/#Article","mainEntityOfPage":"https:\/\/www.ganeli.cz\/konska-farma\/","headline":"Ko\u0148sk\u00e1 farma","name":"Ko\u0148sk\u00e1 farma","description":"Cel\u00fd \u017eivot jsem vyr\u016fstala na vesnici, kdy jsme m\u011bli ko\u0148skou farmu. Chovali jsme sedmn\u00e1ct kon\u00ed a m\u011b bavilo se o n\u011b starat. Taky jsem brala [&hellip;]","datePublished":"2022-05-04","dateModified":"2023-06-01","author":{"@type":"Person","@id":"https:\/\/www.ganeli.cz\/author\/#Person","name":"","url":"https:\/\/www.ganeli.cz\/author\/","identifier":1,"image":{"@type":"ImageObject","@id":"https:\/\/secure.gravatar.com\/avatar\/014a645f9f16d49aceddb25e316448c724bd78e7db0ee7a34c29417d5ca39ef1?s=96&d=mm&r=g","url":"https:\/\/secure.gravatar.com\/avatar\/014a645f9f16d49aceddb25e316448c724bd78e7db0ee7a34c29417d5ca39ef1?s=96&d=mm&r=g","height":96,"width":96}},"publisher":{"@type":"Organization","name":"ganeli.cz","logo":{"@type":"ImageObject","@id":"\/logo.png","url":"\/logo.png","width":600,"height":60}},"image":{"@type":"ImageObject","@id":"https:\/\/www.ganeli.cz\/wp-content\/uploads\/woman-3551832_960_720_1.jpg","url":"https:\/\/www.ganeli.cz\/wp-content\/uploads\/woman-3551832_960_720_1.jpg","height":0,"width":0},"url":"https:\/\/www.ganeli.cz\/konska-farma\/","about":["Zv\u00ed\u0159ata"],"wordCount":421,"articleBody":"Cel\u00fd \u017eivot jsem vyr\u016fstala na vesnici, kdy jsme m\u011bli ko\u0148skou farmu. Chovali jsme sedmn\u00e1ct kon\u00ed a m\u011b bavilo se o n\u011b starat. Taky jsem brala chov kon\u00ed zcela \u00fapln\u011b norm\u00e1ln\u00ed, proto\u017ee jsem v tom vyr\u016fstala. Na\u0161e historie chovu kon\u00ed sah\u00e1 a\u017e do devaten\u00e1ct\u00e9ho stolet\u00ed. D\u011bda mi vypr\u00e1v\u011bl, \u017ee to v\u0161echno za\u010dalo t\u00edm, \u017ee m\u016fj praprad\u011bda dostal od n\u011bkoho kon\u011b, a to pr\u00fd jako dar za n\u011bjakou v\u00fdpomoc. M\u016fj d\u011bda u\u017e si nepamatoval, co to p\u0159esn\u011b bylo, ale byla jsem opravdu hrd\u00e1 na to, \u017ee v na\u0161\u00ed rodin\u011b m\u00e1me taky n\u011bjak\u00e9 hrdiny. A byla jsem pot\u011b\u0161en\u00e1 a \u0159ekla jsem si, \u017ee kdyby t\u0159eba m\u016fj praprad\u011bda tohle v\u016fbec neud\u011blal, tak nikoho m\u00fdch p\u0159edk\u016f nenapadne chovat tato kr\u00e1sn\u00e1 u\u0161lechtil\u00e1 zv\u00ed\u0159ata. Kon\u011b se mi l\u00edb\u00ed a j\u00e1 jsem vlastn\u011b u\u017e od p\u011bti let um\u011bla perfektn\u00ed jezdit na koni. K m\u00fdm t\u0159et\u00edm narozenin\u00e1m jsem dostala od m\u00fdch rodi\u010d\u016f kr\u00e1sn\u00e9ho pon\u00edka.Nebyl to sice \u00fapln\u011b mal\u00fd pon\u00edk, ale takov\u00e9to st\u0159edn\u00ed plemeno. Jestli si to dok\u00e1\u017eete vybavit. Ten k\u016f\u0148 m\u00e1 kr\u00e1snou st\u0159\u00edbrnou srst a je takov\u00fd u\u0161lechtil\u00fd. Tak jsem si \u0159ekla, \u017ee bych taky v budoucnu mohla chovat kon\u011b. Proto\u017ee moje sestra se od rodi\u010d\u016f odst\u011bhovala, kdy\u017e se vdala. To j\u00ed bylo asi dvacet p\u011bt let a odst\u011bhovala se do Prahy. A je logick\u00e9, \u017ee v Praze nem\u016f\u017ee chovat kon\u011b. J\u00e1 jsem si \u0159ekla, \u017ee bych se nejrad\u011bji odst\u011bhoval n\u011bkam na jinou vesnici, kde bych taky mohla chovat kon\u011b. A kdyby mi moji rodi\u010de dovolili bydlet st\u00e1le u nich, moc r\u00e1da bych si po\u0159\u00eddila sv\u00e9 kon\u011b tam je v rodn\u00e9m dom\u011b. L\u00edb\u00ed se mi chovat kon\u011b a j\u00e1 si mysl\u00edm, \u017ee i ti n\u00e1v\u0161t\u011bvn\u00edci, kte\u0159\u00ed k n\u00e1m chod\u00ed jsou r\u00e1di, \u017ee v okol\u00ed maj\u00ed takhle kon\u011b. Kon\u011b taky toti\u017e uklid\u0148uj\u00ed a maj\u00ed \u00fa\u017easn\u00fd antistresov\u00fd efekt. Zn\u00e1te t\u0159eba\u00a0hipoterapii? pokud ne, r\u00e1da v\u00e1m to vysv\u011btl\u00edm. jedn\u00e1 se o terapii ko\u0148mi a v tom je na\u0161e ko\u0148sk\u00e1 farma opravdu v\u00fdjime\u010dn\u00e1. N\u00e1s to bav\u00ed, kdy\u017e m\u016f\u017eeme ud\u011blat\u00a0radost\u00a0nebo vypomoct\u00a0n\u011bkomu\u00a0druh\u00e9m, kdo pomoc pot\u0159ebuje.\u00a0                                                                                                                                                                                                                                                                                                                                                                                        3.8\/5 - (6 votes)        "},{"@context":"https:\/\/schema.org\/","@type":"BreadcrumbList","itemListElement":[{"@type":"ListItem","position":1,"name":"Ko\u0148sk\u00e1 farma","item":"https:\/\/www.ganeli.cz\/konska-farma\/#breadcrumbitem"}]}]