[{"@context":"https:\/\/schema.org\/","@type":"Article","@id":"https:\/\/www.ganeli.cz\/kdy-je-lepsi-sverit-uklid-profesionalum\/#Article","mainEntityOfPage":"https:\/\/www.ganeli.cz\/kdy-je-lepsi-sverit-uklid-profesionalum\/","headline":"Kdy je lep\u0161\u00ed sv\u011b\u0159it \u00faklid profesion\u00e1l\u016fm","name":"Kdy je lep\u0161\u00ed sv\u011b\u0159it \u00faklid profesion\u00e1l\u016fm","description":"N\u011bkte\u0159\u00ed lid\u00e9 pova\u017euj\u00ed \u00faklid za nutn\u00e9 zlo a prov\u00e1d\u00ed jej se sk\u0159\u00edp\u011bn\u00edm zub\u016f, jin\u00ed si v n\u011bm naopak libuj\u00ed a ukl\u00edzen\u00ed je nesm\u00edrn\u011b bav\u00ed. N\u011bkter\u00e9 [&hellip;]","datePublished":"2022-10-14","dateModified":"2023-06-01","author":{"@type":"Person","@id":"https:\/\/www.ganeli.cz\/author\/#Person","name":"","url":"https:\/\/www.ganeli.cz\/author\/","identifier":1,"image":{"@type":"ImageObject","@id":"https:\/\/secure.gravatar.com\/avatar\/014a645f9f16d49aceddb25e316448c724bd78e7db0ee7a34c29417d5ca39ef1?s=96&d=mm&r=g","url":"https:\/\/secure.gravatar.com\/avatar\/014a645f9f16d49aceddb25e316448c724bd78e7db0ee7a34c29417d5ca39ef1?s=96&d=mm&r=g","height":96,"width":96}},"publisher":{"@type":"Organization","name":"ganeli.cz","logo":{"@type":"ImageObject","@id":"\/logo.png","url":"\/logo.png","width":600,"height":60}},"image":{"@type":"ImageObject","@id":"https:\/\/www.ganeli.cz\/wp-content\/uploads\/disinfectant-g93da6581b_640.jpg","url":"https:\/\/www.ganeli.cz\/wp-content\/uploads\/disinfectant-g93da6581b_640.jpg","height":0,"width":0},"url":"https:\/\/www.ganeli.cz\/kdy-je-lepsi-sverit-uklid-profesionalum\/","about":["Podnik\u00e1n\u00ed"],"wordCount":422,"articleBody":"   N\u011bkte\u0159\u00ed lid\u00e9 pova\u017euj\u00ed \u00faklid za nutn\u00e9 zlo a prov\u00e1d\u00ed jej se sk\u0159\u00edp\u011bn\u00edm zub\u016f, jin\u00ed si v n\u011bm naopak libuj\u00ed a ukl\u00edzen\u00ed je nesm\u00edrn\u011b bav\u00ed. N\u011bkter\u00e9 \u00faklidov\u00e9 pr\u00e1ce v\u0161ak b\u00fdvaj\u00ed velmi n\u00e1ro\u010dn\u00e9 a ub\u00edraj\u00ed n\u00e1m pot\u0159ebnou s\u00edlu, zvl\u00e1\u0161t\u011b pak tehdy, jsou-li spojen\u00e9 s dal\u0161\u00ed \u010dinnost\u00ed.Rekonstruujeme d\u016fmRekonstrukce byt\u016f a dom\u016f obn\u00e1\u0161\u00ed n\u00e1ro\u010dn\u00fd proces, kdy se v tamn\u00edm prost\u0159ed\u00ed pohybuj\u00ed lid\u00e9 s n\u00e1\u0159ad\u00edm a stroji, kter\u00e9 po sob\u011b zanech\u00e1vaj\u00ed zna\u010dn\u00fd nepo\u0159\u00e1dek. U\u017e jen pouh\u00e1 pokl\u00e1dka s\u00e1drokartonu znamen\u00e1 odsyp\u00e1v\u00e1n\u00ed vytrousen\u00e9 s\u00e1dry po podlaze, a co teprve brou\u0161en\u00ed nanesen\u00e9ho s\u00e1drokarton\u00e1\u0159sk\u00e9ho tmelu. V\u0161ude je b\u00edl\u00fd jemn\u00fd prach, usazuje se na klik\u00e1ch oken, na parapetech i na radi\u00e1torech.Uklidit tento \u201ebinec\u201c nen\u00ed jen tak, prach je tak jemn\u00fd, \u017ee jej propou\u0161t\u00ed i filtr b\u011b\u017en\u00e9ho vysava\u010de, a vy pak jen pob\u00edh\u00e1te sem a tam a neust\u00e1le jej st\u00edr\u00e1te hadrem. \u00daklid po rekonstrukc\u00edch bytov\u00fdch prostor je mnohdy v\u00fdhodn\u00e9 sv\u011b\u0159it profesion\u00e1l\u016fm, kte\u0159\u00ed maj\u00ed pro tyto situace sv\u00e9 postupy a metody, a m\u016f\u017eete se na v\u00fdsledek jejich pr\u00e1ce spolehnout.P\u0159ijdou k n\u00e1m mal\u00ed\u0159iUkl\u00edzet po mal\u00ed\u0159\u00edch je n\u011bkdy mo\u017en\u00e1 hor\u0161\u00ed, ne\u017e po zedn\u00edc\u00edch. Z\u00e1le\u017e\u00ed samoz\u0159ejm\u011b na tom, jak d\u016fkladn\u011b zakryjete v\u0161e, co by mohl mal\u00ed\u0159 p\u0159et\u0159\u00edt v\u00e1le\u010dkem \u010di \u0161t\u011btkou, ale i tak je to velmi n\u00e1ro\u010dn\u00e9. Nezapome\u0148te, \u017ee bude pak je\u0161t\u011b t\u0159eba rozm\u00edstit na sv\u00e1 m\u00edsta n\u00e1bytek, koberce a dal\u0161\u00ed bytov\u00e1 za\u0159\u00edzen\u00ed, aby v\u00e1m na to zbyly s\u00edly. Op\u011bt je to vhodn\u00e1 chv\u00edle rozmyslet se, zda by nebylo vhodn\u00e9 oslovit \u00faklidovou firmu v Pardubic\u00edch.Slu\u017eby nonstopN\u011bkter\u00e9 \u00faklidov\u00e9 firmy pracuj\u00ed pouze v b\u011b\u017en\u00e9m re\u017eimu od pond\u011bl\u00ed do p\u00e1tku, ale st\u00e1v\u00e1 se, \u017ee pr\u00e1v\u011b vy pot\u0159ebujete zajistit \u00faklid o v\u00edkendu. Tento term\u00edn m\u016f\u017ee b\u00fdt d\u016fle\u017eit\u00fd proto, \u017ee na n\u011bj mohou navazovat dal\u0161\u00ed \u010dinnosti, nap\u0159. st\u011bhov\u00e1n\u00ed. Ohl\u00ed\u017eejte se proto tak\u00e9 po firm\u00e1ch, jejich\u017e zam\u011bstnanci jsou k dispozici i o v\u00edkendech, a kter\u00e9 z\u00e1rove\u0148 navz\u00e1jem smluven\u00fd term\u00edn pova\u017euj\u00ed za z\u00e1vazn\u00fd.                                                                                                                                                                                                                                                                                                                                                                                          4.5\/5 - (13 votes)        "},{"@context":"https:\/\/schema.org\/","@type":"BreadcrumbList","itemListElement":[{"@type":"ListItem","position":1,"name":"Kdy je lep\u0161\u00ed sv\u011b\u0159it \u00faklid profesion\u00e1l\u016fm","item":"https:\/\/www.ganeli.cz\/kdy-je-lepsi-sverit-uklid-profesionalum\/#breadcrumbitem"}]}]