[{"@context":"https:\/\/schema.org\/","@type":"Article","@id":"https:\/\/www.ganeli.cz\/hrozne-leto\/#Article","mainEntityOfPage":"https:\/\/www.ganeli.cz\/hrozne-leto\/","headline":"Hrozn\u00e9 l\u00e9to","name":"Hrozn\u00e9 l\u00e9to","description":"Nem\u00e1m opravdu r\u00e1da velk\u00e9 horko. Proto\u017ee v\u017edycky, kdy\u017e je venku t\u0159eba v\u00edc jak dvacet osm stup\u0148\u016f Celsia, tak je mi velice \u0161patn\u011b a n\u011bkdy kolikr\u00e1t [&hellip;]","datePublished":"2022-12-11","dateModified":"2024-02-12","author":{"@type":"Person","@id":"https:\/\/www.ganeli.cz\/author\/#Person","name":"","url":"https:\/\/www.ganeli.cz\/author\/","identifier":1,"image":{"@type":"ImageObject","@id":"https:\/\/secure.gravatar.com\/avatar\/014a645f9f16d49aceddb25e316448c724bd78e7db0ee7a34c29417d5ca39ef1?s=96&d=mm&r=g","url":"https:\/\/secure.gravatar.com\/avatar\/014a645f9f16d49aceddb25e316448c724bd78e7db0ee7a34c29417d5ca39ef1?s=96&d=mm&r=g","height":96,"width":96}},"publisher":{"@type":"Organization","name":"ganeli.cz","logo":{"@type":"ImageObject","@id":"\/logo.png","url":"\/logo.png","width":600,"height":60}},"image":{"@type":"ImageObject","@id":"https:\/\/www.ganeli.cz\/wp-content\/uploads\/desert-3832488_960_720.jpg","url":"https:\/\/www.ganeli.cz\/wp-content\/uploads\/desert-3832488_960_720.jpg","height":0,"width":0},"url":"https:\/\/www.ganeli.cz\/hrozne-leto\/","about":["Podnik\u00e1n\u00ed"],"wordCount":424,"articleBody":"        Nem\u00e1m opravdu r\u00e1da velk\u00e9 horko. Proto\u017ee v\u017edycky, kdy\u017e je venku t\u0159eba v\u00edc jak dvacet osm stup\u0148\u016f Celsia, tak je mi velice \u0161patn\u011b a n\u011bkdy kolikr\u00e1t taky omdl\u00edm. Nem\u00e1m to r\u00e1da, proto\u017ee se mi v dusnu a v horku velice \u0161patn\u011b d\u00fdch\u00e1. Kolikr\u00e1t ani nemohu j\u00edt nakupovat anebo je taky pro m\u011b velice hrozn\u00e9 j\u00edt do pr\u00e1ce. Do pr\u00e1ce chod\u00edm p\u011b\u0161ky, proto\u017ee nem\u00e1m auto ani kolo, tak\u017ee se velice rychle zad\u00fdch\u00e1m. Sice je pravda, \u017ee bych m\u011bla d\u00e1t dol\u016f sv\u00fdch sedm kilogram\u016f, ale bohu\u017eel m\u011b to nejde. Sp\u00ed\u0161 jsem l\u00edn\u00e1 sportovat a taky dr\u017eet n\u011bjakou dietu. Tak\u017ee l\u00e9to je pro m\u011b docela hororov\u00e9 obdob\u00ed, kdy si v\u016fbec ne odpo\u010dinu a sp\u00ed\u0161e se jenom pot\u00edm. \u0158\u00edkala jsem si, \u017ee je asi na m\u00edst\u011b, abych si po\u0159\u00eddila klimatizaci. Bydl\u00edm v Brn\u011b. Brno m\u00e1m r\u00e1da a v\u017edycky jsem tady cht\u011bla bydlet, i kdy\u017e jsem p\u016fvodn\u011b ze Svitav. \u0158\u00edkala jsem si, \u017ee klimatizace z Brna pro m\u011b bude naprosto ide\u00e1ln\u00ed. Proto jsem \u0159ekla sv\u00e9mu p\u0159\u00edteli, jestli by m\u011b v tom podpo\u0159il, jestli bychom si nepo\u0159\u00eddili klimatizaci z Brna. Proto\u017ee jsem se dozv\u011bd\u011bla, \u017ee dokonce i m\u016fj p\u0159\u00edtel \u0161patn\u011b sn\u00e1\u0161\u00ed horko. A v\u017edycky je cel\u00fd \u010derven\u00fd a pot\u00ed se a je taky nerv\u00f3zn\u00ed. Kdy\u017e jsem p\u0159\u00edteli \u0159ekla, \u017ee bych si moc p\u0159\u00e1la klimatizaci z Brna, tak se jednom usm\u00e1l a pokr\u010dil rameny. Nech\u00e1pala jsem, co t\u00edmhle p\u0159\u00edtel mysl\u00ed. Potom mi p\u0159\u00edtel \u0159ekl, \u017ee u\u017e o tomhle snil dlouho, ale \u017ee se to b\u00e1l navrhnout, proto\u017ee v\u00ed, \u017ee je to drah\u00e9. Nicm\u00e9n\u011b ale tady o pen\u00edze zase tak moc nejde. Tady jde hlavn\u011b o na\u0161e zdrav\u00ed, tak\u017ee jsme se nakonec rozhodli, \u017ee si klimatizaci po\u0159\u00edd\u00edme. A\u0165 to klidn\u011b stoj\u00ed v\u00edce pen\u011bz, ale j\u00e1 si chci u\u017e kone\u010dn\u011b l\u00e9to u\u017e\u00edvat pln\u00fdmi dou\u0161ky, abych a se alespo\u0148 mohla d\u00edvat doma v klidu na televizi, ani\u017e bych se u toho potila a pol\u00e9vala se studenou vodou. Taky se na klimatizaci z Brna vyplat\u00ed, \u017ee d\u00edky n\u00ed u\u0161et\u0159\u00edte nejenom pen\u00edze, ale taky svoje zdrav\u00ed. U\u0161et\u0159\u00edte si t\u0159eba \u00fapal, kter\u00fd je opravdu nep\u0159\u00edjemn\u00fd.                                                                                                                                                                                                                                                                                                                                                                                          4.7\/5 - (7 votes)        "},{"@context":"https:\/\/schema.org\/","@type":"BreadcrumbList","itemListElement":[{"@type":"ListItem","position":1,"name":"Hrozn\u00e9 l\u00e9to","item":"https:\/\/www.ganeli.cz\/hrozne-leto\/#breadcrumbitem"}]}]